{"id":436,"date":"2020-04-17T15:07:54","date_gmt":"2020-04-17T15:07:54","guid":{"rendered":"http:\/\/codeff.cl\/crfs\/?p=436"},"modified":"2020-04-17T21:37:25","modified_gmt":"2020-04-17T21:37:25","slug":"apoyanos-en-rehabilitar-a-los-animales-del-centro-de-rehabilitacion-de-fauna-silvestre-de-codeff","status":"publish","type":"post","link":"https:\/\/codeff.cl\/crfs\/apoyanos-en-rehabilitar-a-los-animales-del-centro-de-rehabilitacion-de-fauna-silvestre-de-codeff\/","title":{"rendered":"\u00a1APOYANOS EN REHABILITAR A LOS ANIMALES DEL CENTRO DE REHABILITACION DE FAUNA SILVESTRE DE CODEFF!"},"content":{"rendered":"<div class=\"wpb-content-wrapper\">[mk_page_section bg_stretch=\u00bbtrue\u00bb section_layout=\u00bbright\u00bb padding_top=\u00bb30&#8243; padding_bottom=\u00bb0&#8243; sidebar=\u00bbsidebar-19&#8243;][vc_column][vc_row_inner is_fullwidth_content=\u00bbfalse\u00bb][vc_column_inner][vc_column_text css=\u00bb.vc_custom_1587145672558{margin-bottom: 0px !important;}\u00bb]\n<p style=\"text-align: justify;\"><span style=\"font-weight: 400;\"><img loading=\"lazy\" decoding=\"async\" class=\"size-full wp-image-1115 alignleft\" src=\"https:\/\/codeff.cl\/crfs\/wp-content\/uploads\/2020\/04\/crfs_logo_28_web.png\" alt=\"\" width=\"240\" height=\"239\" srcset=\"https:\/\/codeff.cl\/crfs\/wp-content\/uploads\/2020\/04\/crfs_logo_28_web.png 240w, https:\/\/codeff.cl\/crfs\/wp-content\/uploads\/2020\/04\/crfs_logo_28_web-150x150.png 150w\" sizes=\"auto, (max-width: 240px) 100vw, 240px\" \/>Desde <strong>CODEFF<\/strong> te presentamos el <strong>Plan de Apadrinamiento del Centro de Rehabilitaci\u00f3n de Fauna Silvestre de CODEFF<\/strong>, que consiste en \u00a0comprometerte con una donaci\u00f3n mensual, para financiar parte de los gastos que se deben realizar en la atenci\u00f3n de los animales, entre los que se encuentran medicamentos, alimentaci\u00f3n e instalaciones.<\/span><\/p>\n<p style=\"text-align: justify;\"><span style=\"font-weight: 400;\">El ser padrino o madrina de uno de los ejemplares del <strong>CRFS<\/strong> es una labor muy especial. Gracias a tu aporte podr\u00e1 salir adelante en su rehabilitaci\u00f3n un animal silvestre y a su vez te dar\u00e1 derecho a conocer peri\u00f3dicamente el estado del animal que protejas, acceso a fotos y contenido exclusivo creado para nuestros benefactores.<\/span><\/p>\n<p style=\"text-align: justify;\"><span style=\"font-weight: 400;\">Al ingresar al programa recibir\u00e1s una carta de bienvenida junto a un informativo del programa y un informe mensual de tu ahijado(a). Adem\u00e1s, en noviembre de cada a\u00f1o podr\u00e1s participar en la jornada de padrinos y madrinas que se realiza en las dependencias de nuestro Centro de Rehabilitaci\u00f3n.<\/span><\/p>\n[\/vc_column_text][\/vc_column_inner][\/vc_row_inner][vc_empty_space height=\u00bb20px\u00bb][vc_column_text]\n<h4>Conoce a tu pr\u00f3ximo ahijado<\/h4>\n[\/vc_column_text][vc_row_inner css=\u00bb.vc_custom_1536001333307{border-top-width: 1px !important;border-bottom-width: 0px !important;padding-top: 35px !important;border-top-color: #c9c9c9 !important;border-top-style: dotted !important;border-bottom-color: #c9c9c9 !important;border-bottom-style: dotted !important;}\u00bb][vc_column_inner width=\u00bb1\/3&#8243;][vc_single_image image=\u00bb1123&#8243; img_size=\u00bb\u00bb style=\u00bbvc_box_outline\u00bb][\/vc_column_inner][vc_column_inner width=\u00bb2\/3&#8243;][vc_column_text css=\u00bb.vc_custom_1587148312536{margin-bottom: 0px !important;}\u00bb]\n<h3>ELUNEY<\/h3>\n<p><span style=\"color: #000000;\"><strong>Eluney<\/strong> es un ejemplar de Zorro culpeo (<i>Lycalopex culpaeus<\/i>) que ingres\u00f3 a nuestro Centro en Noviembre de 2019. Lleg\u00f3 a nuestro Centro desde UFAS, debido a que no puede ser liberado ya que presenta problemas renales que no le permiten vivir en libertad, por lo que esperamos que nos acompa\u00f1e muchos a\u00f1os en un recinto especialmente adaptado para \u00e9l.<\/span><\/p>\n<p><strong><span style=\"color: #000000;\">\u00a1Ay\u00fadanos a darle la mejor estancia a Eluney Apadrin\u00e1ndolo!<\/span><\/strong>[\/vc_column_text][mk_button dimension=\u00bbflat\u00bb corner_style=\u00bbfull_rounded\u00bb icon=\u00bbmk-moon-heart-7&#8243; url=\u00bbhttps:\/\/forms.gle\/hcJgcxw9extCPtnn9&#8243;]\u00a1 APADRINA AHORA ![\/mk_button][\/vc_column_inner][\/vc_row_inner][vc_row_inner css=\u00bb.vc_custom_1536001333307{border-top-width: 1px !important;border-bottom-width: 0px !important;padding-top: 35px !important;border-top-color: #c9c9c9 !important;border-top-style: dotted !important;border-bottom-color: #c9c9c9 !important;border-bottom-style: dotted !important;}\u00bb][vc_column_inner width=\u00bb1\/3&#8243;][vc_single_image image=\u00bb1121&#8243; img_size=\u00bb\u00bb style=\u00bbvc_box_outline\u00bb][\/vc_column_inner][vc_column_inner width=\u00bb2\/3&#8243;][vc_column_text css=\u00bb.vc_custom_1587148150246{margin-bottom: 0px !important;}\u00bb]\n<h3>CHINCHILLAS<\/h3>\n<p><strong>Chinchillas<\/strong> <em>(Chinchilla lanigera)<\/em>: Son 4 animales que llegaron al <strong>CRFS<\/strong> incautados por el Servicio Agr\u00edcola Ganadero (SAG), debido a que sus due\u00f1os no lograron acreditar que hab\u00edan sido adquiridas en un criadero autorizado. Esta situaci\u00f3n presume que pudieron ser sustra\u00eddas de vida silvestre, para no promover el tr\u00e1fico y la tenencia ilegal de fauna silvestre las instituciones pertinentes prefieren que sean cuidadas en Centros como el de <strong>CODEFF<\/strong>.[\/vc_column_text][mk_button dimension=\u00bbflat\u00bb corner_style=\u00bbfull_rounded\u00bb icon=\u00bbmk-moon-heart-7&#8243; url=\u00bbhttps:\/\/forms.gle\/hcJgcxw9extCPtnn9&#8243;]\u00a1 APADRINA AHORA ![\/mk_button][\/vc_column_inner][\/vc_row_inner][vc_row_inner css=\u00bb.vc_custom_1536001333307{border-top-width: 1px !important;border-bottom-width: 0px !important;padding-top: 35px !important;border-top-color: #c9c9c9 !important;border-top-style: dotted !important;border-bottom-color: #c9c9c9 !important;border-bottom-style: dotted !important;}\u00bb][vc_column_inner width=\u00bb1\/3&#8243;][vc_single_image image=\u00bb1119&#8243; img_size=\u00bb\u00bb style=\u00bbvc_box_outline\u00bb][\/vc_column_inner][vc_column_inner width=\u00bb2\/3&#8243;][vc_column_text css=\u00bb.vc_custom_1587147845766{margin-bottom: 0px !important;}\u00bb]\n<h3>WEICHAFE<\/h3>\n<p><span style=\"font-family: arial, sans-serif;\">Es un zorro culpeo <\/span><span style=\"font-family: arial, sans-serif;\">(<i>Lycalopex culpaeus<\/i>) que lleg\u00f3 al <strong>CRFS<\/strong> en diciembre de 2019 incautado por el Servicio Agr\u00edcola Ganadero (SAG) tras una denuncia de un zool\u00f3gico\u00a0clandestino ubicado en la RM, lamentablemente como fue criado desde cachorro en estas condiciones ilegales no adquiri\u00f3 las conductas propias de la especie en vida silvestre, por lo que no puede ser liberado.<\/span>[\/vc_column_text][mk_button dimension=\u00bbflat\u00bb corner_style=\u00bbfull_rounded\u00bb icon=\u00bbmk-moon-heart-7&#8243; url=\u00bbhttps:\/\/forms.gle\/hcJgcxw9extCPtnn9&#8243;]\u00a1 APADRINA AHORA ![\/mk_button][\/vc_column_inner][\/vc_row_inner][vc_row_inner css=\u00bb.vc_custom_1536001333307{border-top-width: 1px !important;border-bottom-width: 0px !important;padding-top: 35px !important;border-top-color: #c9c9c9 !important;border-top-style: dotted !important;border-bottom-color: #c9c9c9 !important;border-bottom-style: dotted !important;}\u00bb][vc_column_inner width=\u00bb1\/3&#8243;][vc_single_image image=\u00bb1117&#8243; img_size=\u00bb\u00bb style=\u00bbvc_box_outline\u00bb][\/vc_column_inner][vc_column_inner width=\u00bb2\/3&#8243;][vc_column_text css=\u00bb.vc_custom_1587146753451{margin-bottom: 0px !important;}\u00bb]\n<h3>LOROS CACHA\u00d1A<\/h3>\n<p style=\"text-align: justify;\"><span style=\"font-weight: 400;\">A\u00f1o a a\u00f1o, cientos de <strong>loros Cacha\u00f1a<\/strong> (<\/span><i><span style=\"font-weight: 400;\">Enicognathus ferrugineus<\/span><\/i><span style=\"font-weight: 400;\">) ingresan en nuestro centro. Dentro de este grupo, las cacha\u00f1as son las m\u00e1s peque\u00f1as y sus picos son m\u00e1s cortos. Generalmente, son entregadas voluntariamente por particulares que las adquirieron en ferias libres o comercio no regulado y que no conocen que son especies protegidas. <\/span><\/p>\n<p style=\"text-align: justify;\"><strong>Te invitamos a adoptar a esta bandada de lindas cacha\u00f1as que esperan por tu ayuda para reinsertarse.<\/strong><\/p>\n[\/vc_column_text][mk_button dimension=\u00bbflat\u00bb corner_style=\u00bbfull_rounded\u00bb icon=\u00bbmk-moon-heart-7&#8243; url=\u00bbhttps:\/\/forms.gle\/hcJgcxw9extCPtnn9&#8243;]\u00a1 APADRINA AHORA ![\/mk_button][\/vc_column_inner][\/vc_row_inner][vc_row_inner css=\u00bb.vc_custom_1536001355841{border-top-width: 1px !important;border-bottom-width: 0px !important;padding-top: 35px !important;border-top-color: #c9c9c9 !important;border-top-style: dotted !important;border-bottom-color: #c9c9c9 !important;border-bottom-style: dotted !important;}\u00bb][vc_column_inner width=\u00bb1\/3&#8243;][vc_single_image image=\u00bb455&#8243; img_size=\u00bb\u00bb style=\u00bbvc_box_outline\u00bb][\/vc_column_inner][vc_column_inner width=\u00bb2\/3&#8243;][vc_column_text disable_pattern=\u00bbfalse\u00bb css=\u00bb.vc_custom_1587146924081{margin-bottom: 0px !important;}\u00bb]\n<h3>LORO TRICAHUE<\/h3>\n<p style=\"text-align: justify;\"><span style=\"font-weight: 400;\">Es una de las 4 especies de loros nativos de nuestro pa\u00eds. Al igual que las Cacha\u00f1as, los <strong>loros Tricahue<\/strong> (<\/span><i><span style=\"font-weight: 400;\">Cyanoliseus patagonus bloxami<\/span><\/i><span style=\"font-weight: 400;\">) llegan producto de decomisos o entregas voluntarias. Durante el a\u00f1o 2018 pretendemos liberar una bandada de estas aves en la regi\u00f3n de Coquimbo. Para esto queremos completar la rehabilitaci\u00f3n de aproximadamente 100 espec\u00edmenes de <strong>loros Tricahue<\/strong> que conformen un buen grupo.<strong> \u00a1Necesitamos tu apoyo para liberarlas!<\/strong><\/span><\/p>\n[\/vc_column_text][mk_button dimension=\u00bbflat\u00bb corner_style=\u00bbfull_rounded\u00bb icon=\u00bbmk-moon-heart-7&#8243; url=\u00bbhttps:\/\/forms.gle\/hcJgcxw9extCPtnn9&#8243;]\u00a1 APADRINA AHORA ![\/mk_button][\/vc_column_inner][\/vc_row_inner][vc_row_inner css=\u00bb.vc_custom_1536001405665{border-top-width: 1px !important;border-bottom-width: 0px !important;padding-top: 35px !important;border-top-color: #c9c9c9 !important;border-top-style: dotted !important;border-bottom-color: #c9c9c9 !important;border-bottom-style: dotted !important;}\u00bb][vc_column_inner width=\u00bb1\/3&#8243;][vc_single_image image=\u00bb454&#8243; img_size=\u00bb\u00bb style=\u00bbvc_box_outline\u00bb][\/vc_column_inner][vc_column_inner width=\u00bb2\/3&#8243;][vc_column_text disable_pattern=\u00bbfalse\u00bb css=\u00bb.vc_custom_1587146860124{margin-bottom: 0px !important;}\u00bb]\n<h3>LORO CHOROY<\/h3>\n<p style=\"text-align: justify;\"><span style=\"font-weight: 400;\">El <strong>loro Choroy<\/strong> (<\/span><i><span style=\"font-weight: 400;\">Enicognathus leptorhynchus<\/span><\/i><span style=\"font-weight: 400;\">) es la principal especie que llega a nuestro Centro, con alrededor de medio centenar de ejemplares ingresados anualmente. Algunos de los da\u00f1os que presentan al llegar es la dependencia a la semilla dela maravilla, alimento que posee peque\u00f1as dosis de alcaloides, las cuales son suficientes para generar dependencia en estas aves. Su rehabilitaci\u00f3n es permanente y fundamental para llegar a conformar una bandada y liberarlos.<strong> \u00a1Ap\u00f3yalos en esta labor!<\/strong><\/span><\/p>\n[\/vc_column_text][mk_button dimension=\u00bbflat\u00bb corner_style=\u00bbfull_rounded\u00bb icon=\u00bbmk-moon-heart-7&#8243; url=\u00bbhttps:\/\/forms.gle\/hcJgcxw9extCPtnn9&#8243;]\u00a1 APADRINA AHORA ![\/mk_button][\/vc_column_inner][\/vc_row_inner][vc_empty_space height=\u00bb20px\u00bb][vc_row_inner][vc_column_inner css=\u00bb.vc_custom_1536029676690{border-top-width: 1px !important;border-right-width: 1px !important;border-bottom-width: 1px !important;border-left-width: 1px !important;padding-top: 30px !important;padding-right: 30px !important;padding-bottom: 30px !important;padding-left: 30px !important;background-color: #ede4bb !important;border-left-color: #b7ae9a !important;border-left-style: solid !important;border-right-color: #b7ae9a !important;border-right-style: solid !important;border-top-color: #b7ae9a !important;border-top-style: solid !important;border-bottom-color: #b7ae9a !important;border-bottom-style: solid !important;border-radius: 4px !important;}\u00bb][vc_column_text disable_pattern=\u00bbfalse\u00bb css=\u00bb.vc_custom_1587148652604{margin-bottom: 0px !important;}\u00bb]\n<h3><strong>\u00a1\u00daNETE COMO PADRINO O MADRINA Y SE PROTAGONISTA EN EL PROCESO DE REHABILITACION!<\/strong><\/h3>\n<p style=\"text-align: justify;\"><span style=\"font-weight: 400;\">Es crucial tu compromiso para poder completar el proceso de rehabilitaci\u00f3n de nuestros animales. Al donar desde 5 mil pesos mensuales ser\u00e1s parte de la comunidad de padrinos y madrinas del <strong>CRFS<\/strong>.<\/span><\/p>\n<p style=\"text-align: justify;\"><span style=\"font-weight: 400;\">Para inscribirte ahora, llena el formulario de apadrinamiento y realizar el pago del primer mes de tu aporte, con lo cual ya ser\u00e1s parte de nuestro Centro. <strong>\u00a1Ser\u00e1s muy bienvenido!<\/strong><\/span><br \/>\n[mk_button dimension=\u00bbflat\u00bb corner_style=\u00bbfull_rounded\u00bb size=\u00bblarge\u00bb icon=\u00bbmk-icon-heart\u00bb url=\u00bbhttps:\/\/forms.gle\/hcJgcxw9extCPtnn9&#8243; target=\u00bb_blank\u00bb bg_color=\u00bb#f0810d\u00bb btn_hover_bg=\u00bb#005b49&#8243;]\u00a1Apadrina Ahora![\/mk_button]\n<p style=\"text-align: justify;\"><span style=\"font-weight: 400;\">Si necesitas informaci\u00f3n m\u00e1s detallada, no dudes en contactar a <strong>Lunna Iturra<\/strong>, encargada del programa de apadrinamiento de CODEFF al correo <strong><a href=\"mailto:apadrina.crfs@codeff.cl\">apadrina.crfs@codeff.cl<\/a><\/strong><\/span><\/p>\n[\/vc_column_text][\/vc_column_inner][\/vc_row_inner][\/vc_column][\/mk_page_section]\n<\/div>","protected":false},"excerpt":{"rendered":"<p>Desde CODEFF te presentamos el Plan de Apadrinamiento del Centro de Rehabilitaci\u00f3n de Fauna Silvestre de CODEFF&#8230;<\/p>\n","protected":false},"author":1,"featured_media":326,"comment_status":"open","ping_status":"open","sticky":true,"template":"","format":"standard","meta":{"footnotes":""},"categories":[8],"tags":[],"class_list":["post-436","post","type-post","status-publish","format-standard","has-post-thumbnail","hentry","category-apadrinamiento"],"_links":{"self":[{"href":"https:\/\/codeff.cl\/crfs\/wp-json\/wp\/v2\/posts\/436","targetHints":{"allow":["GET"]}}],"collection":[{"href":"https:\/\/codeff.cl\/crfs\/wp-json\/wp\/v2\/posts"}],"about":[{"href":"https:\/\/codeff.cl\/crfs\/wp-json\/wp\/v2\/types\/post"}],"author":[{"embeddable":true,"href":"https:\/\/codeff.cl\/crfs\/wp-json\/wp\/v2\/users\/1"}],"replies":[{"embeddable":true,"href":"https:\/\/codeff.cl\/crfs\/wp-json\/wp\/v2\/comments?post=436"}],"version-history":[{"count":0,"href":"https:\/\/codeff.cl\/crfs\/wp-json\/wp\/v2\/posts\/436\/revisions"}],"wp:featuredmedia":[{"embeddable":true,"href":"https:\/\/codeff.cl\/crfs\/wp-json\/wp\/v2\/media\/326"}],"wp:attachment":[{"href":"https:\/\/codeff.cl\/crfs\/wp-json\/wp\/v2\/media?parent=436"}],"wp:term":[{"taxonomy":"category","embeddable":true,"href":"https:\/\/codeff.cl\/crfs\/wp-json\/wp\/v2\/categories?post=436"},{"taxonomy":"post_tag","embeddable":true,"href":"https:\/\/codeff.cl\/crfs\/wp-json\/wp\/v2\/tags?post=436"}],"curies":[{"name":"wp","href":"https:\/\/api.w.org\/{rel}","templated":true}]}}